{"id":30299,"date":"2023-01-17T13:05:44","date_gmt":"2023-01-17T16:05:44","guid":{"rendered":"https:\/\/trips-southamerica.com\/webold\/?p=30299"},"modified":"2023-01-17T13:14:26","modified_gmt":"2023-01-17T16:14:26","slug":"hoteles-de-colombia-exentos-del-iva-a-turistas-en-2023","status":"publish","type":"post","link":"https:\/\/trips-southamerica.com\/webold\/es\/hoteles-de-colombia-exentos-del-iva-a-turistas-en-2023\/","title":{"rendered":"Hoteles de Colombia mantienen la exenci\u00f3n del IVA a turistas en el 2023"},"content":{"rendered":"<p>[vc_row][vc_column][vc_column_text]<\/p>\n<h1>Hoteles de Colombia mantienen la exenci\u00f3n del IVA a turistas en el 2023<\/h1>\n<h3>Tras el anuncio de que en enero de 2023 regresaba el IVA en el alojamiento de Colombia, la Asociaci\u00f3n Hotelera y Tur\u00edstica de Colombia (Cotelco) inform\u00f3 que se mantiene la exenci\u00f3n para algunos.<\/h3>\n<p><img loading=\"lazy\" class=\"alignright wp-image-30302\" src=\"https:\/\/trips-southamerica.com\/webold\/wp-content\/uploads\/colombia-tax-free-300x171.jpg\" alt=\"\" width=\"600\" height=\"342\" srcset=\"https:\/\/trips-southamerica.com\/webold\/wp-content\/uploads\/colombia-tax-free-300x171.jpg 300w, https:\/\/trips-southamerica.com\/webold\/wp-content\/uploads\/colombia-tax-free-256x146.jpg 256w, https:\/\/trips-southamerica.com\/webold\/wp-content\/uploads\/colombia-tax-free-50x29.jpg 50w, https:\/\/trips-southamerica.com\/webold\/wp-content\/uploads\/colombia-tax-free-131x75.jpg 131w, https:\/\/trips-southamerica.com\/webold\/wp-content\/uploads\/colombia-tax-free.jpg 850w\" sizes=\"(max-width: 600px) 100vw, 600px\" \/><\/p>\n<p><a href=\"https:\/\/trips-southamerica.com\/webold\/es\/destino\/colombia\/\">Colombia, es un pa\u00eds acogedor<\/a>, cruzado por los Andes, con costas en el Caribe y el Pac\u00edfico y con uno de los caf\u00e9s m\u00e1s sabrosos del mundo se encuentra en el extremo norte de Am\u00e9rica del Sur. Posee sitios arqueol\u00f3gicos sagrados, es la tierra del Realismo M\u00e1gico de Gabriel Garc\u00eda M\u00e1rquez, y con sus playas paradis\u00edacas, gente alegre y hogar de culturas fascinantes, es uno de los destinos imperdibles de Sudam\u00e9rica<\/p>\n<p>En el 2020 y en el marco de la pandemia COVID-19el gobierno colombiano estableci\u00f3 un beneficio para los viajeros, sin importar el origen, el cual determinaba la exenci\u00f3n del IVA en los alojamientos. Esta reglamentaci\u00f3n termin\u00f3 el 31 de diciembre de 2022, por lo que ya desde el 1 de enero de 2023, los hospedajes y hoteles volver\u00e1n a cobrar el 19 % del IVA.<\/p>\n<p>Sin embargo, recientemente, se estableci\u00f3 que la exenci\u00f3n del IVA en los servicios ofrecidos por las agencias operadoras y hoteles inscritos en el Registro Nacional de Turismo (RNT), seguir\u00e1 en pie para los extranjeros residentes en el exterior, que ingresen con fines de cultura, eventos y\/o turismo<\/p>\n<p>Es importante que el turista que ingrese a Colombia, cuente en su pasaporte con el sello PT (Permiso de Turismo), con la vigencia de 90 d\u00edas, el cual ser\u00e1 requerido al momento de realizar el check-in en los alojamientos; en caso de no contar con dicho sellado, el hotel proceder\u00e1 con el cobro correspondiente del 19% correspondiente al IVA del alojamiento.<\/p>\n<p>En caso de tener alguna duda sobre esto, contacte a su Ejecutivo de Cuentas o escribanos al mail <a href=\"mailto:info@trips-southamerica.com\">info@trips-southamerica.com<\/a>[\/vc_column_text][\/vc_column][\/vc_row]<\/p>\n","protected":false},"excerpt":{"rendered":"<p>[vc_row][vc_column][vc_column_text] Hoteles de Colombia mantienen la exenci\u00f3n del IVA a turistas en el 2023 Tras el anuncio de que en enero de 2023 regresaba el IVA<span class=\"excerpt-hellip\"> [\u2026]<\/span><\/p>\n","protected":false},"author":60,"featured_media":30302,"comment_status":"open","ping_status":"open","sticky":false,"template":"","format":"standard","meta":{"_joinchat":[]},"categories":[461,43,29],"tags":[],"yoast_head":"<!-- This site is optimized with the Yoast SEO plugin v19.9 - https:\/\/yoast.com\/wordpress\/plugins\/seo\/ -->\n<title>Hoteles de Colombia mantienen la exenci\u00f3n del IVA a turistas en el 2023 - Trips SouthAmerica<\/title>\n<meta name=\"description\" content=\"La Asociaci\u00f3n Hotelera y Tur\u00edstica de Colombia (Cotelco) inform\u00f3 que se mantiene la exenci\u00f3n del IVA para algunos hoteles.\" \/>\n<meta name=\"robots\" content=\"index, follow, max-snippet:-1, max-image-preview:large, max-video-preview:-1\" \/>\n<link rel=\"canonical\" href=\"https:\/\/trips-southamerica.com\/webold\/es\/hoteles-de-colombia-exentos-del-iva-a-turistas-en-2023\/\" \/>\n<meta property=\"og:locale\" content=\"es_ES\" \/>\n<meta property=\"og:type\" content=\"article\" \/>\n<meta property=\"og:title\" content=\"Hoteles de Colombia mantienen la exenci\u00f3n del IVA a turistas en el 2023 - Trips SouthAmerica\" \/>\n<meta property=\"og:description\" content=\"La Asociaci\u00f3n Hotelera y Tur\u00edstica de Colombia (Cotelco) inform\u00f3 que se mantiene la exenci\u00f3n del IVA para algunos hoteles.\" \/>\n<meta property=\"og:url\" content=\"https:\/\/trips-southamerica.com\/webold\/es\/hoteles-de-colombia-exentos-del-iva-a-turistas-en-2023\/\" \/>\n<meta property=\"og:site_name\" content=\"Trips SouthAmerica\" \/>\n<meta property=\"article:publisher\" content=\"https:\/\/www.facebook.com\/tripsouthamerica\" \/>\n<meta property=\"article:published_time\" content=\"2023-01-17T16:05:44+00:00\" \/>\n<meta property=\"article:modified_time\" content=\"2023-01-17T16:14:26+00:00\" \/>\n<meta property=\"og:image\" content=\"https:\/\/trips-southamerica.com\/webold\/wp-content\/uploads\/colombia-tax-free.jpg\" \/>\n\t<meta property=\"og:image:width\" content=\"850\" \/>\n\t<meta property=\"og:image:height\" content=\"485\" \/>\n\t<meta property=\"og:image:type\" content=\"image\/jpeg\" \/>\n<meta name=\"author\" content=\"Paola Bravo\" \/>\n<meta name=\"twitter:card\" content=\"summary_large_image\" \/>\n<meta name=\"twitter:creator\" content=\"@wpmaster\" \/>\n<meta name=\"twitter:site\" content=\"@tsouthamerica\" \/>\n<meta name=\"twitter:label1\" content=\"Escrito por\" \/>\n\t<meta name=\"twitter:data1\" content=\"Paola Bravo\" \/>\n\t<meta name=\"twitter:label2\" content=\"Tiempo de lectura\" \/>\n\t<meta name=\"twitter:data2\" content=\"2 minutos\" \/>\n<script type=\"application\/ld+json\" class=\"yoast-schema-graph\">{\"@context\":\"https:\/\/schema.org\",\"@graph\":[{\"@type\":\"Article\",\"@id\":\"https:\/\/trips-southamerica.com\/webold\/es\/hoteles-de-colombia-exentos-del-iva-a-turistas-en-2023\/#article\",\"isPartOf\":{\"@id\":\"https:\/\/trips-southamerica.com\/webold\/es\/hoteles-de-colombia-exentos-del-iva-a-turistas-en-2023\/\"},\"author\":{\"name\":\"Paola Bravo\",\"@id\":\"https:\/\/trips-southamerica.com\/webold\/#\/schema\/person\/eb0073cf181c1955ddb02f7b278d1184\"},\"headline\":\"Hoteles de Colombia mantienen la exenci\u00f3n del IVA a turistas en el 2023\",\"datePublished\":\"2023-01-17T16:05:44+00:00\",\"dateModified\":\"2023-01-17T16:14:26+00:00\",\"mainEntityOfPage\":{\"@id\":\"https:\/\/trips-southamerica.com\/webold\/es\/hoteles-de-colombia-exentos-del-iva-a-turistas-en-2023\/\"},\"wordCount\":349,\"commentCount\":0,\"publisher\":{\"@id\":\"https:\/\/trips-southamerica.com\/webold\/#organization\"},\"articleSection\":[\"Colombia\",\"Destacados\",\"Novedades\"],\"inLanguage\":\"es\",\"potentialAction\":[{\"@type\":\"CommentAction\",\"name\":\"Comment\",\"target\":[\"https:\/\/trips-southamerica.com\/webold\/es\/hoteles-de-colombia-exentos-del-iva-a-turistas-en-2023\/#respond\"]}]},{\"@type\":\"WebPage\",\"@id\":\"https:\/\/trips-southamerica.com\/webold\/es\/hoteles-de-colombia-exentos-del-iva-a-turistas-en-2023\/\",\"url\":\"https:\/\/trips-southamerica.com\/webold\/es\/hoteles-de-colombia-exentos-del-iva-a-turistas-en-2023\/\",\"name\":\"Hoteles de Colombia mantienen la exenci\u00f3n del IVA a turistas en el 2023 - Trips SouthAmerica\",\"isPartOf\":{\"@id\":\"https:\/\/trips-southamerica.com\/webold\/#website\"},\"datePublished\":\"2023-01-17T16:05:44+00:00\",\"dateModified\":\"2023-01-17T16:14:26+00:00\",\"description\":\"La Asociaci\u00f3n Hotelera y Tur\u00edstica de Colombia (Cotelco) inform\u00f3 que se mantiene la exenci\u00f3n del IVA para algunos hoteles.\",\"breadcrumb\":{\"@id\":\"https:\/\/trips-southamerica.com\/webold\/es\/hoteles-de-colombia-exentos-del-iva-a-turistas-en-2023\/#breadcrumb\"},\"inLanguage\":\"es\",\"potentialAction\":[{\"@type\":\"ReadAction\",\"target\":[\"https:\/\/trips-southamerica.com\/webold\/es\/hoteles-de-colombia-exentos-del-iva-a-turistas-en-2023\/\"]}]},{\"@type\":\"BreadcrumbList\",\"@id\":\"https:\/\/trips-southamerica.com\/webold\/es\/hoteles-de-colombia-exentos-del-iva-a-turistas-en-2023\/#breadcrumb\",\"itemListElement\":[{\"@type\":\"ListItem\",\"position\":1,\"name\":\"Home\",\"item\":\"https:\/\/trips-southamerica.com\/webold\/es\/\"},{\"@type\":\"ListItem\",\"position\":2,\"name\":\"Hoteles de Colombia mantienen la exenci\u00f3n del IVA a turistas en el 2023\"}]},{\"@type\":\"WebSite\",\"@id\":\"https:\/\/trips-southamerica.com\/webold\/#website\",\"url\":\"https:\/\/trips-southamerica.com\/webold\/\",\"name\":\"Trips SouthAmerica\",\"description\":\"South America Travel Operator\",\"publisher\":{\"@id\":\"https:\/\/trips-southamerica.com\/webold\/#organization\"},\"potentialAction\":[{\"@type\":\"SearchAction\",\"target\":{\"@type\":\"EntryPoint\",\"urlTemplate\":\"https:\/\/trips-southamerica.com\/webold\/?s={search_term_string}\"},\"query-input\":\"required name=search_term_string\"}],\"inLanguage\":\"es\"},{\"@type\":\"Organization\",\"@id\":\"https:\/\/trips-southamerica.com\/webold\/#organization\",\"name\":\"Trips SouthAmerica\",\"url\":\"https:\/\/trips-southamerica.com\/webold\/\",\"logo\":{\"@type\":\"ImageObject\",\"inLanguage\":\"es\",\"@id\":\"https:\/\/trips-southamerica.com\/webold\/#\/schema\/logo\/image\/\",\"url\":\"https:\/\/trips-southamerica.com\/webold\/wp-content\/uploads\/logo-header.png\",\"contentUrl\":\"https:\/\/trips-southamerica.com\/webold\/wp-content\/uploads\/logo-header.png\",\"width\":497,\"height\":79,\"caption\":\"Trips SouthAmerica\"},\"image\":{\"@id\":\"https:\/\/trips-southamerica.com\/webold\/#\/schema\/logo\/image\/\"},\"sameAs\":[\"https:\/\/www.linkedin.com\/company\/trips-southamerica\/\",\"http:\/\/trips-southamerica.com\/\",\"https:\/\/www.facebook.com\/tripsouthamerica\",\"https:\/\/twitter.com\/tsouthamerica\"]},{\"@type\":\"Person\",\"@id\":\"https:\/\/trips-southamerica.com\/webold\/#\/schema\/person\/eb0073cf181c1955ddb02f7b278d1184\",\"name\":\"Paola Bravo\",\"image\":{\"@type\":\"ImageObject\",\"inLanguage\":\"es\",\"@id\":\"https:\/\/trips-southamerica.com\/webold\/#\/schema\/person\/image\/\",\"url\":\"https:\/\/secure.gravatar.com\/avatar\/ca3de1c5d39b721a435d56da379e1272?s=96&d=mm&r=g\",\"contentUrl\":\"https:\/\/secure.gravatar.com\/avatar\/ca3de1c5d39b721a435d56da379e1272?s=96&d=mm&r=g\",\"caption\":\"Paola Bravo\"},\"sameAs\":[\"https:\/\/twitter.com\/wpmaster\"]}]}<\/script>\n<!-- \/ Yoast SEO plugin. -->","yoast_head_json":{"title":"Hoteles de Colombia mantienen la exenci\u00f3n del IVA a turistas en el 2023 - Trips SouthAmerica","description":"La Asociaci\u00f3n Hotelera y Tur\u00edstica de Colombia (Cotelco) inform\u00f3 que se mantiene la exenci\u00f3n del IVA para algunos hoteles.","robots":{"index":"index","follow":"follow","max-snippet":"max-snippet:-1","max-image-preview":"max-image-preview:large","max-video-preview":"max-video-preview:-1"},"canonical":"https:\/\/trips-southamerica.com\/webold\/es\/hoteles-de-colombia-exentos-del-iva-a-turistas-en-2023\/","og_locale":"es_ES","og_type":"article","og_title":"Hoteles de Colombia mantienen la exenci\u00f3n del IVA a turistas en el 2023 - Trips SouthAmerica","og_description":"La Asociaci\u00f3n Hotelera y Tur\u00edstica de Colombia (Cotelco) inform\u00f3 que se mantiene la exenci\u00f3n del IVA para algunos hoteles.","og_url":"https:\/\/trips-southamerica.com\/webold\/es\/hoteles-de-colombia-exentos-del-iva-a-turistas-en-2023\/","og_site_name":"Trips SouthAmerica","article_publisher":"https:\/\/www.facebook.com\/tripsouthamerica","article_published_time":"2023-01-17T16:05:44+00:00","article_modified_time":"2023-01-17T16:14:26+00:00","og_image":[{"width":850,"height":485,"url":"https:\/\/trips-southamerica.com\/webold\/wp-content\/uploads\/colombia-tax-free.jpg","type":"image\/jpeg"}],"author":"Paola Bravo","twitter_card":"summary_large_image","twitter_creator":"@wpmaster","twitter_site":"@tsouthamerica","twitter_misc":{"Escrito por":"Paola Bravo","Tiempo de lectura":"2 minutos"},"schema":{"@context":"https:\/\/schema.org","@graph":[{"@type":"Article","@id":"https:\/\/trips-southamerica.com\/webold\/es\/hoteles-de-colombia-exentos-del-iva-a-turistas-en-2023\/#article","isPartOf":{"@id":"https:\/\/trips-southamerica.com\/webold\/es\/hoteles-de-colombia-exentos-del-iva-a-turistas-en-2023\/"},"author":{"name":"Paola Bravo","@id":"https:\/\/trips-southamerica.com\/webold\/#\/schema\/person\/eb0073cf181c1955ddb02f7b278d1184"},"headline":"Hoteles de Colombia mantienen la exenci\u00f3n del IVA a turistas en el 2023","datePublished":"2023-01-17T16:05:44+00:00","dateModified":"2023-01-17T16:14:26+00:00","mainEntityOfPage":{"@id":"https:\/\/trips-southamerica.com\/webold\/es\/hoteles-de-colombia-exentos-del-iva-a-turistas-en-2023\/"},"wordCount":349,"commentCount":0,"publisher":{"@id":"https:\/\/trips-southamerica.com\/webold\/#organization"},"articleSection":["Colombia","Destacados","Novedades"],"inLanguage":"es","potentialAction":[{"@type":"CommentAction","name":"Comment","target":["https:\/\/trips-southamerica.com\/webold\/es\/hoteles-de-colombia-exentos-del-iva-a-turistas-en-2023\/#respond"]}]},{"@type":"WebPage","@id":"https:\/\/trips-southamerica.com\/webold\/es\/hoteles-de-colombia-exentos-del-iva-a-turistas-en-2023\/","url":"https:\/\/trips-southamerica.com\/webold\/es\/hoteles-de-colombia-exentos-del-iva-a-turistas-en-2023\/","name":"Hoteles de Colombia mantienen la exenci\u00f3n del IVA a turistas en el 2023 - Trips SouthAmerica","isPartOf":{"@id":"https:\/\/trips-southamerica.com\/webold\/#website"},"datePublished":"2023-01-17T16:05:44+00:00","dateModified":"2023-01-17T16:14:26+00:00","description":"La Asociaci\u00f3n Hotelera y Tur\u00edstica de Colombia (Cotelco) inform\u00f3 que se mantiene la exenci\u00f3n del IVA para algunos hoteles.","breadcrumb":{"@id":"https:\/\/trips-southamerica.com\/webold\/es\/hoteles-de-colombia-exentos-del-iva-a-turistas-en-2023\/#breadcrumb"},"inLanguage":"es","potentialAction":[{"@type":"ReadAction","target":["https:\/\/trips-southamerica.com\/webold\/es\/hoteles-de-colombia-exentos-del-iva-a-turistas-en-2023\/"]}]},{"@type":"BreadcrumbList","@id":"https:\/\/trips-southamerica.com\/webold\/es\/hoteles-de-colombia-exentos-del-iva-a-turistas-en-2023\/#breadcrumb","itemListElement":[{"@type":"ListItem","position":1,"name":"Home","item":"https:\/\/trips-southamerica.com\/webold\/es\/"},{"@type":"ListItem","position":2,"name":"Hoteles de Colombia mantienen la exenci\u00f3n del IVA a turistas en el 2023"}]},{"@type":"WebSite","@id":"https:\/\/trips-southamerica.com\/webold\/#website","url":"https:\/\/trips-southamerica.com\/webold\/","name":"Trips SouthAmerica","description":"South America Travel Operator","publisher":{"@id":"https:\/\/trips-southamerica.com\/webold\/#organization"},"potentialAction":[{"@type":"SearchAction","target":{"@type":"EntryPoint","urlTemplate":"https:\/\/trips-southamerica.com\/webold\/?s={search_term_string}"},"query-input":"required name=search_term_string"}],"inLanguage":"es"},{"@type":"Organization","@id":"https:\/\/trips-southamerica.com\/webold\/#organization","name":"Trips SouthAmerica","url":"https:\/\/trips-southamerica.com\/webold\/","logo":{"@type":"ImageObject","inLanguage":"es","@id":"https:\/\/trips-southamerica.com\/webold\/#\/schema\/logo\/image\/","url":"https:\/\/trips-southamerica.com\/webold\/wp-content\/uploads\/logo-header.png","contentUrl":"https:\/\/trips-southamerica.com\/webold\/wp-content\/uploads\/logo-header.png","width":497,"height":79,"caption":"Trips SouthAmerica"},"image":{"@id":"https:\/\/trips-southamerica.com\/webold\/#\/schema\/logo\/image\/"},"sameAs":["https:\/\/www.linkedin.com\/company\/trips-southamerica\/","http:\/\/trips-southamerica.com\/","https:\/\/www.facebook.com\/tripsouthamerica","https:\/\/twitter.com\/tsouthamerica"]},{"@type":"Person","@id":"https:\/\/trips-southamerica.com\/webold\/#\/schema\/person\/eb0073cf181c1955ddb02f7b278d1184","name":"Paola Bravo","image":{"@type":"ImageObject","inLanguage":"es","@id":"https:\/\/trips-southamerica.com\/webold\/#\/schema\/person\/image\/","url":"https:\/\/secure.gravatar.com\/avatar\/ca3de1c5d39b721a435d56da379e1272?s=96&d=mm&r=g","contentUrl":"https:\/\/secure.gravatar.com\/avatar\/ca3de1c5d39b721a435d56da379e1272?s=96&d=mm&r=g","caption":"Paola Bravo"},"sameAs":["https:\/\/twitter.com\/wpmaster"]}]}},"_links":{"self":[{"href":"https:\/\/trips-southamerica.com\/webold\/es\/wp-json\/wp\/v2\/posts\/30299"}],"collection":[{"href":"https:\/\/trips-southamerica.com\/webold\/es\/wp-json\/wp\/v2\/posts"}],"about":[{"href":"https:\/\/trips-southamerica.com\/webold\/es\/wp-json\/wp\/v2\/types\/post"}],"author":[{"embeddable":true,"href":"https:\/\/trips-southamerica.com\/webold\/es\/wp-json\/wp\/v2\/users\/60"}],"replies":[{"embeddable":true,"href":"https:\/\/trips-southamerica.com\/webold\/es\/wp-json\/wp\/v2\/comments?post=30299"}],"version-history":[{"count":3,"href":"https:\/\/trips-southamerica.com\/webold\/es\/wp-json\/wp\/v2\/posts\/30299\/revisions"}],"predecessor-version":[{"id":30306,"href":"https:\/\/trips-southamerica.com\/webold\/es\/wp-json\/wp\/v2\/posts\/30299\/revisions\/30306"}],"wp:featuredmedia":[{"embeddable":true,"href":"https:\/\/trips-southamerica.com\/webold\/es\/wp-json\/wp\/v2\/media\/30302"}],"wp:attachment":[{"href":"https:\/\/trips-southamerica.com\/webold\/es\/wp-json\/wp\/v2\/media?parent=30299"}],"wp:term":[{"taxonomy":"category","embeddable":true,"href":"https:\/\/trips-southamerica.com\/webold\/es\/wp-json\/wp\/v2\/categories?post=30299"},{"taxonomy":"post_tag","embeddable":true,"href":"https:\/\/trips-southamerica.com\/webold\/es\/wp-json\/wp\/v2\/tags?post=30299"}],"curies":[{"name":"wp","href":"https:\/\/api.w.org\/{rel}","templated":true}]}}