{"id":8091,"date":"2019-02-05T13:04:32","date_gmt":"2019-02-05T16:04:32","guid":{"rendered":"https:\/\/trips-southamerica.com\/?p=8091"},"modified":"2021-04-14T15:47:57","modified_gmt":"2021-04-14T18:47:57","slug":"centro-de-ski-portillo","status":"publish","type":"post","link":"https:\/\/trips-southamerica.com\/webold\/es\/centro-de-ski-portillo\/","title":{"rendered":"Portillo"},"content":{"rendered":"<p>[vc_row full_width=\u00bbstretch_row\u00bb full_height=\u00bbyes\u00bb columns_placement=\u00bbtop\u00bb css=\u00bb.vc_custom_1549381292083{margin-top: -10px !important;background-image: url(https:\/\/trips-southamerica.com\/wp-content\/uploads\/home-portillo-1.jpg?id=8101) !important;background-position: center !important;background-repeat: no-repeat !important;background-size: cover !important;}\u00bb][vc_column][vc_row_inner css=\u00bb.vc_custom_1549908977699{margin-left: 30px !important;}\u00bb][vc_column_inner width=\u00bb1\/2&#8243; css=\u00bb.vc_custom_1549496614078{margin-bottom: 25px !important;padding-right: 20px !important;padding-left: 20px !important;background-color: rgba(255,255,255,0.76) !important;*background-color: rgb(255,255,255) !important;}\u00bb][vc_custom_heading text=\u00bbCentro de Ski en Chile\u00bb use_theme_fonts=\u00bbyes\u00bb][vc_custom_heading text=\u00bbPortillo\u00bb font_container=\u00bbtag:h1|text_align:left\u00bb use_theme_fonts=\u00bbyes\u00bb css=\u00bb.vc_custom_1549496657707{margin-top: -10px !important;}\u00bb][vc_column_text]La estaci\u00f3n de esqu\u00ed m\u00e1s antigua y probablemente la m\u00e1s prestigiosa de Sudam\u00e9rica.<br \/>\nS\u00f3lo 40 kil\u00f3metros lo separan de la base del Monte Aconcagua, el pico m\u00e1s alto del hemisferio sur.[\/vc_column_text][\/vc_column_inner][vc_column_inner width=\u00bb1\/2&#8243;][\/vc_column_inner][\/vc_row_inner][\/vc_column][\/vc_row][vc_row css=\u00bb.vc_custom_1549908984529{margin-top: 50px !important;margin-left: 25px !important;}\u00bb][vc_column][vc_custom_heading text=\u00bbSobre Portillo\u00bb font_container=\u00bbtag:h2|font_size:32|text_align:left|line_height:1&#8243; use_theme_fonts=\u00bbyes\u00bb][vc_row_inner][vc_column_inner width=\u00bb1\/2&#8243;][vc_column_text]En el coraz\u00f3n mismo de la Cordillera de los Andes, a 2.850 metros sobre el nivel del mar, Portillo o \u00abcamino estrecho\u00bb fue el paso principal entre Argentina y Chile, primero cruzado por mulas y caballos y luego por el tren transandino, que hizo uno de los tours m\u00e1s espectaculares en ferrocarriles. Despu\u00e9s de que se inaugur\u00f3 la ruta internacional, los viajes en tren se interrumpieron durante la d\u00e9cada de 1970, perdiendo as\u00ed esta experiencia maravillosa.[\/vc_column_text][vc_custom_heading text=\u00bbInformaci\u00f3n Principal\u00bb font_container=\u00bbtag:h2|font_size:32|text_align:left|line_height:1&#8243; use_theme_fonts=\u00bbyes\u00bb][vc_column_text]<\/p>\n<ul>\n<li>Desnivel Vertical : 762 metros<\/li>\n<li>Pista m\u00e1s Larga : 2.456 metros<\/li>\n<li>Altitud de Hotel : 2.880 metros<\/li>\n<li>Altitud punto m\u00e1s alto : 3.310 metros<\/li>\n<li>Promedio anual de nieve ca\u00edda : 6.61 metros<\/li>\n<li>Pron\u00f3stico de buen tiempo : 80% d\u00edas de sol<\/li>\n<li>Acceso desde el Hotel a las pistas<\/li>\n<li>Distancia desde Santiago : 164 kil\u00f3metros (2 hrs)<\/li>\n<\/ul>\n<p>[\/vc_column_text][\/vc_column_inner][vc_column_inner width=\u00bb1\/2&#8243;][vc_gmaps link=\u00bb#E-8_JTNDaWZyYW1lJTIwc3JjJTNEJTIyaHR0cHMlM0ElMkYlMkZ3d3cuZ29vZ2xlLmNvbSUyRm1hcHMlMkZkJTJGdSUyRjElMkZlbWJlZCUzRm1pZCUzRDFidnktUUQwM3VTOXpIazhFU2UtWm1KQTI2QlYzQ2ZQTSUyMiUyMHdpZHRoJTNEJTIyNjQwJTIyJTIwaGVpZ2h0JTNEJTIyNDgwJTIyJTNFJTNDJTJGaWZyYW1lJTNF\u00bb size=\u00bb460&#8243;][\/vc_column_inner][\/vc_row_inner][\/vc_column][\/vc_row][vc_row full_width=\u00bbstretch_row\u00bb css=\u00bb.vc_custom_1549910912634{padding-top: 25px !important;padding-bottom: 25px !important;background-color: #e8e8e8 !important;background-position: center !important;background-repeat: no-repeat !important;background-size: cover !important;}\u00bb][vc_column width=\u00bb1\/5&#8243;][vc_icon type=\u00bblinecons\u00bb icon_linecons=\u00bbvc_li vc_li-calendar\u00bb color=\u00bbblack\u00bb size=\u00bbxl\u00bb align=\u00bbcenter\u00bb css=\u00bb.vc_custom_1549496754012{margin-bottom: -1px !important;}\u00bb][vc_column_text]<\/p>\n<p style=\"text-align: center;\"><span style=\"color: #333333;\">Temporada<\/span><br \/>\n<span style=\"color: #333333;\"><strong>Desde Junio<\/strong><\/span><\/p>\n<p>[\/vc_column_text][\/vc_column][vc_column width=\u00bb1\/5&#8243;][vc_icon type=\u00bblinecons\u00bb icon_linecons=\u00bbvc_li vc_li-shop\u00bb color=\u00bbblack\u00bb size=\u00bbxl\u00bb align=\u00bbcenter\u00bb css=\u00bb.vc_custom_1549496765003{margin-bottom: -1px !important;}\u00bb][vc_column_text]<\/p>\n<p style=\"text-align: center;\"><span style=\"color: #333333;\">Instalaciones<\/span><br \/>\n<span style=\"color: #333333;\"><strong>Arriendo de Equipo<\/strong><\/span><\/p>\n<p>[\/vc_column_text][\/vc_column][vc_column width=\u00bb1\/5&#8243;][vc_icon type=\u00bbtypicons\u00bb icon_typicons=\u00bbtypcn typcn-camera-outline\u00bb color=\u00bbblack\u00bb size=\u00bbxl\u00bb align=\u00bbcenter\u00bb css=\u00bb.vc_custom_1549496776608{margin-bottom: -1px !important;}\u00bb][vc_column_text]<\/p>\n<p style=\"text-align: center;\"><span style=\"color: #333333;\">Servicios<\/span><br \/>\n<span style=\"color: #333333;\"><strong>Sesi\u00f3n Fotogr\u00e1fica<\/strong><\/span><\/p>\n<p>[\/vc_column_text][\/vc_column][vc_column width=\u00bb1\/5&#8243;][vc_icon type=\u00bblinecons\u00bb icon_linecons=\u00bbvc_li vc_li-food\u00bb color=\u00bbblack\u00bb size=\u00bbxl\u00bb align=\u00bbcenter\u00bb css=\u00bb.vc_custom_1549496787979{margin-bottom: -1px !important;}\u00bb][vc_column_text]<\/p>\n<p style=\"text-align: center;\"><span style=\"color: #333333;\">Restaurantes<\/span><br \/>\n<span style=\"color: #333333;\"><strong>Hotel &amp; Monta\u00f1a<\/strong><\/span><\/p>\n<p>[\/vc_column_text][\/vc_column][vc_column width=\u00bb1\/5&#8243;][vc_icon type=\u00bbtypicons\u00bb icon_typicons=\u00bbtypcn typcn-weather-partly-sunny\u00bb color=\u00bbblack\u00bb size=\u00bbxl\u00bb align=\u00bbcenter\u00bb css=\u00bb.vc_custom_1549496798972{margin-bottom: -1px !important;}\u00bb][vc_column_text]<\/p>\n<p style=\"text-align: center;\"><span style=\"color: #333333;\">Clima<\/span><br \/>\n<span style=\"color: #333333;\"><strong>D\u00edas de invierno por encima de -5 \u00b0C<\/strong><\/span><\/p>\n<p>[\/vc_column_text][\/vc_column][\/vc_row][vc_row equal_height=\u00bbyes\u00bb content_placement=\u00bbtop\u00bb css=\u00bb.vc_custom_1549909040368{margin-left: 25px !important;}\u00bb][vc_column width=\u00bb2\/3&#8243;][vc_custom_heading text=\u00bb\u00bfC\u00f3mo llegar?\u00bb font_container=\u00bbtag:h2|font_size:32|text_align:left|line_height:1&#8243; use_theme_fonts=\u00bbyes\u00bb][vc_column_text]A 164 km de la capital de Chile, hay que tomar la ruta 5 hacia el Norte y\u00a0luego de 30 km, despu\u00e9s\u00a0del peaje, se toma el desv\u00edo por la ruta 57 con\u00a0direcci\u00f3n a Los Andes. Desde esta localidad se\u00a0toma por el camino\u00a0internacional hasta el complejo de Portillo.<\/p>\n<p>Desde Argentina se accede por la ciudad de Mendoza, tomando la ruta internacional\u00a0y pasando\u00a0la aduana chilena 1 km m\u00e1s para llegar a Portillo.\u00a0Las rutas y caminos presentan muy buenas condiciones. No obstante, dada la altura\u00a0y las\u00a0condiciones del tiempo durante el invierno, el uso de cadenas es obligatorio.[\/vc_column_text][vc_custom_heading text=\u00bbTerreno\u00bb font_container=\u00bbtag:h2|font_size:32|text_align:left|line_height:1&#8243; use_theme_fonts=\u00bbyes\u00bb][vc_column_text]Los tipos de pistas son para:<\/p>\n<ul>\n<li>Principiantes \u2013 15%<\/li>\n<li>Intermedio \u2013 30%<\/li>\n<li>Avanzado \u2013 30%<\/li>\n<li>Experto \u2013 25%<\/li>\n<\/ul>\n<p>El \u00e1rea esquiable de nuestro centro es de 500 hect\u00e1reas, 14 andariveles y 35 pistas, las cuales son trabajadas durante la noches, exceptuando nuestro conocido fuera de pista. No hay nada mejor que un d\u00eda de nieve polvo y disfrutar de todas las pistas que ofrece nuestro centro de ski. Y como nuestra capacidad de hu\u00e9spedes y visitantes es limitada, nunca debes preocuparte por llegar temprano, ya que nunca deber\u00e1s esperar mucho tiempo para subirte a un andarivel.[\/vc_column_text][\/vc_column][vc_column width=\u00bb1\/3&#8243;][vc_single_image image=\u00bb8173&#8243; img_size=\u00bbfull\u00bb][\/vc_column][\/vc_row][vc_row equal_height=\u00bbyes\u00bb content_placement=\u00bbtop\u00bb css=\u00bb.vc_custom_1549909077800{margin-left: 25px !important;}\u00bb][vc_column][vc_row_inner equal_height=\u00bbyes\u00bb css=\u00bb.vc_custom_1549496963542{margin-bottom: -5px !important;}\u00bb][vc_column_inner width=\u00bb1\/2&#8243;][\/vc_column_inner][vc_column_inner width=\u00bb1\/2&#8243;][vc_custom_heading text=\u00bbPistas\u00bb font_container=\u00bbtag:h2|font_size:32|text_align:left|line_height:1&#8243; use_theme_fonts=\u00bbyes\u00bb][\/vc_column_inner][\/vc_row_inner][vc_row_inner][vc_column_inner width=\u00bb1\/2&#8243;][vc_single_image image=\u00bb8111&#8243; img_size=\u00bblarge\u00bb][\/vc_column_inner][vc_column_inner width=\u00bb1\/2&#8243;][vc_column_text]<\/p>\n<table width=\"521\">\n<thead>\n<tr>\n<th>F\u00e1cil<\/th>\n<th>Intermedio<\/th>\n<th>Intermedio<br \/>\nAvanzado<\/th>\n<th>Muy Dif\u00edcil<\/th>\n<\/tr>\n<\/thead>\n<tbody>\n<tr>\n<td>El Puma<\/td>\n<td>El Gaucho<\/td>\n<td>Plateau<\/td>\n<td>C\u00f3ndor<\/td>\n<\/tr>\n<tr>\n<td>Corralito<\/td>\n<td>Las Lomas<\/td>\n<td><\/td>\n<td>Roca Jack<\/td>\n<\/tr>\n<tr>\n<td>La Princesa<\/td>\n<td>Los Canarios<\/td>\n<td><\/td>\n<td>Garganta<\/td>\n<\/tr>\n<tr>\n<td><\/td>\n<td>Bajada del Tren<\/td>\n<td><\/td>\n<td>Las Vizcachas<\/td>\n<\/tr>\n<tr>\n<td><\/td>\n<td>Juncalillo<\/td>\n<td><\/td>\n<td>El Caracara<\/td>\n<\/tr>\n<tr>\n<td><\/td>\n<td>Conejo<\/td>\n<td><\/td>\n<td><\/td>\n<\/tr>\n<tr>\n<td><\/td>\n<td>David\u2019s Run<\/td>\n<td><\/td>\n<td><\/td>\n<\/tr>\n<tr>\n<td><\/td>\n<td>Descenso<\/td>\n<td><\/td>\n<td><\/td>\n<\/tr>\n<tr>\n<td><\/td>\n<td>Los Zorros<\/td>\n<td><\/td>\n<td><\/td>\n<\/tr>\n<tr>\n<td><\/td>\n<td><\/td>\n<td><\/td>\n<td><\/td>\n<\/tr>\n<\/tbody>\n<\/table>\n<p>[\/vc_column_text][\/vc_column_inner][\/vc_row_inner][\/vc_column][\/vc_row][vc_row css=\u00bb.vc_custom_1549910920575{margin-left: 25px !important;}\u00bb][vc_column][vc_custom_heading text=\u00bbOtros Centro de Ski en Chile\u00bb use_theme_fonts=\u00bbyes\u00bb][vc_basic_grid post_type=\u00bbpost\u00bb max_items=\u00bb10&#8243; element_width=\u00bb3&#8243; item=\u00bb8221&#8243; grid_id=\u00bbvc_gid:1549910900456-533daccb-3c79-1&#8243; taxonomies=\u00bb279&#8243;][\/vc_column][\/vc_row][vc_row css=\u00bb.vc_custom_1549909448842{margin-left: 25px !important;background-color: #e8e8e8 !important;}\u00bb][vc_column][vc_column_text]<\/p>\n<h2 style=\"text-align: center;\">Descargar los Principales Centros de Ski de Argentina y Chile<\/h2>\n<h4 style=\"text-align: center;\">Si necesita una copia de esta informaci\u00f3n, puede descargar el documento en formato PDF.<\/h4>\n<p>[\/vc_column_text][vc_btn title=\u00bbDescargar Ahora\u00bb style=\u00bbflat\u00bb color=\u00bbprimary\u00bb size=\u00bblg\u00bb align=\u00bbcenter\u00bb link=\u00bburl:https%3A%2F%2Fdrive.google.com%2Fopen%3Fid%3D0B3ttvnXWKKy6N1pNYnduLTFtQ1k|||\u00bb][\/vc_column][\/vc_row][vc_row][vc_column][vc_empty_space][\/vc_column][\/vc_row]<\/p>\n","protected":false},"excerpt":{"rendered":"<p>En el coraz\u00f3n de la cordillera de los Andes, a 2.850 metros sobre el nivel del mar.<\/p>\n","protected":false},"author":60,"featured_media":8179,"comment_status":"open","ping_status":"open","sticky":false,"template":"","format":"standard","meta":{"_joinchat":[]},"categories":[279,33,29],"tags":[],"yoast_head":"<!-- This site is optimized with the Yoast SEO plugin v19.9 - https:\/\/yoast.com\/wordpress\/plugins\/seo\/ -->\n<title>Portillo - Trips SouthAmerica<\/title>\n<meta name=\"robots\" content=\"index, follow, max-snippet:-1, max-image-preview:large, max-video-preview:-1\" \/>\n<link rel=\"canonical\" href=\"https:\/\/trips-southamerica.com\/webold\/es\/centro-de-ski-portillo\/\" \/>\n<meta property=\"og:locale\" content=\"es_ES\" \/>\n<meta property=\"og:type\" content=\"article\" \/>\n<meta property=\"og:title\" content=\"Portillo - Trips SouthAmerica\" \/>\n<meta property=\"og:description\" content=\"En el coraz\u00f3n de la cordillera de los Andes, a 2.850 metros sobre el nivel del mar.\" \/>\n<meta property=\"og:url\" content=\"https:\/\/trips-southamerica.com\/webold\/es\/centro-de-ski-portillo\/\" \/>\n<meta property=\"og:site_name\" content=\"Trips SouthAmerica\" \/>\n<meta property=\"article:publisher\" content=\"https:\/\/www.facebook.com\/tripsouthamerica\" \/>\n<meta property=\"article:published_time\" content=\"2019-02-05T16:04:32+00:00\" \/>\n<meta property=\"article:modified_time\" content=\"2021-04-14T18:47:57+00:00\" \/>\n<meta property=\"og:image\" content=\"https:\/\/trips-southamerica.com\/webold\/wp-content\/uploads\/portillo-small.gif\" \/>\n\t<meta property=\"og:image:width\" content=\"412\" \/>\n\t<meta property=\"og:image:height\" content=\"403\" \/>\n\t<meta property=\"og:image:type\" content=\"image\/gif\" \/>\n<meta name=\"author\" content=\"Paola Bravo\" \/>\n<meta name=\"twitter:card\" content=\"summary_large_image\" \/>\n<meta name=\"twitter:creator\" content=\"@wpmaster\" \/>\n<meta name=\"twitter:site\" content=\"@tsouthamerica\" \/>\n<meta name=\"twitter:label1\" content=\"Escrito por\" \/>\n\t<meta name=\"twitter:data1\" content=\"Paola Bravo\" \/>\n\t<meta name=\"twitter:label2\" content=\"Tiempo de lectura\" \/>\n\t<meta name=\"twitter:data2\" content=\"6 minutos\" \/>\n<script type=\"application\/ld+json\" class=\"yoast-schema-graph\">{\"@context\":\"https:\/\/schema.org\",\"@graph\":[{\"@type\":\"Article\",\"@id\":\"https:\/\/trips-southamerica.com\/webold\/es\/centro-de-ski-portillo\/#article\",\"isPartOf\":{\"@id\":\"https:\/\/trips-southamerica.com\/webold\/es\/centro-de-ski-portillo\/\"},\"author\":{\"name\":\"Paola Bravo\",\"@id\":\"https:\/\/trips-southamerica.com\/webold\/#\/schema\/person\/eb0073cf181c1955ddb02f7b278d1184\"},\"headline\":\"Portillo\",\"datePublished\":\"2019-02-05T16:04:32+00:00\",\"dateModified\":\"2021-04-14T18:47:57+00:00\",\"mainEntityOfPage\":{\"@id\":\"https:\/\/trips-southamerica.com\/webold\/es\/centro-de-ski-portillo\/\"},\"wordCount\":1194,\"commentCount\":0,\"publisher\":{\"@id\":\"https:\/\/trips-southamerica.com\/webold\/#organization\"},\"articleSection\":[\"Centro Ski en Chile\",\"Chile\",\"Novedades\"],\"inLanguage\":\"es\",\"potentialAction\":[{\"@type\":\"CommentAction\",\"name\":\"Comment\",\"target\":[\"https:\/\/trips-southamerica.com\/webold\/es\/centro-de-ski-portillo\/#respond\"]}]},{\"@type\":\"WebPage\",\"@id\":\"https:\/\/trips-southamerica.com\/webold\/es\/centro-de-ski-portillo\/\",\"url\":\"https:\/\/trips-southamerica.com\/webold\/es\/centro-de-ski-portillo\/\",\"name\":\"Portillo - Trips SouthAmerica\",\"isPartOf\":{\"@id\":\"https:\/\/trips-southamerica.com\/webold\/#website\"},\"datePublished\":\"2019-02-05T16:04:32+00:00\",\"dateModified\":\"2021-04-14T18:47:57+00:00\",\"breadcrumb\":{\"@id\":\"https:\/\/trips-southamerica.com\/webold\/es\/centro-de-ski-portillo\/#breadcrumb\"},\"inLanguage\":\"es\",\"potentialAction\":[{\"@type\":\"ReadAction\",\"target\":[\"https:\/\/trips-southamerica.com\/webold\/es\/centro-de-ski-portillo\/\"]}]},{\"@type\":\"BreadcrumbList\",\"@id\":\"https:\/\/trips-southamerica.com\/webold\/es\/centro-de-ski-portillo\/#breadcrumb\",\"itemListElement\":[{\"@type\":\"ListItem\",\"position\":1,\"name\":\"Home\",\"item\":\"https:\/\/trips-southamerica.com\/webold\/es\/\"},{\"@type\":\"ListItem\",\"position\":2,\"name\":\"Portillo\"}]},{\"@type\":\"WebSite\",\"@id\":\"https:\/\/trips-southamerica.com\/webold\/#website\",\"url\":\"https:\/\/trips-southamerica.com\/webold\/\",\"name\":\"Trips SouthAmerica\",\"description\":\"South America Travel Operator\",\"publisher\":{\"@id\":\"https:\/\/trips-southamerica.com\/webold\/#organization\"},\"potentialAction\":[{\"@type\":\"SearchAction\",\"target\":{\"@type\":\"EntryPoint\",\"urlTemplate\":\"https:\/\/trips-southamerica.com\/webold\/?s={search_term_string}\"},\"query-input\":\"required name=search_term_string\"}],\"inLanguage\":\"es\"},{\"@type\":\"Organization\",\"@id\":\"https:\/\/trips-southamerica.com\/webold\/#organization\",\"name\":\"Trips SouthAmerica\",\"url\":\"https:\/\/trips-southamerica.com\/webold\/\",\"logo\":{\"@type\":\"ImageObject\",\"inLanguage\":\"es\",\"@id\":\"https:\/\/trips-southamerica.com\/webold\/#\/schema\/logo\/image\/\",\"url\":\"https:\/\/trips-southamerica.com\/webold\/wp-content\/uploads\/logo-header.png\",\"contentUrl\":\"https:\/\/trips-southamerica.com\/webold\/wp-content\/uploads\/logo-header.png\",\"width\":497,\"height\":79,\"caption\":\"Trips SouthAmerica\"},\"image\":{\"@id\":\"https:\/\/trips-southamerica.com\/webold\/#\/schema\/logo\/image\/\"},\"sameAs\":[\"https:\/\/www.linkedin.com\/company\/trips-southamerica\/\",\"http:\/\/trips-southamerica.com\/\",\"https:\/\/www.facebook.com\/tripsouthamerica\",\"https:\/\/twitter.com\/tsouthamerica\"]},{\"@type\":\"Person\",\"@id\":\"https:\/\/trips-southamerica.com\/webold\/#\/schema\/person\/eb0073cf181c1955ddb02f7b278d1184\",\"name\":\"Paola Bravo\",\"image\":{\"@type\":\"ImageObject\",\"inLanguage\":\"es\",\"@id\":\"https:\/\/trips-southamerica.com\/webold\/#\/schema\/person\/image\/\",\"url\":\"https:\/\/secure.gravatar.com\/avatar\/ca3de1c5d39b721a435d56da379e1272?s=96&d=mm&r=g\",\"contentUrl\":\"https:\/\/secure.gravatar.com\/avatar\/ca3de1c5d39b721a435d56da379e1272?s=96&d=mm&r=g\",\"caption\":\"Paola Bravo\"},\"sameAs\":[\"https:\/\/twitter.com\/wpmaster\"]}]}<\/script>\n<!-- \/ Yoast SEO plugin. -->","yoast_head_json":{"title":"Portillo - Trips SouthAmerica","robots":{"index":"index","follow":"follow","max-snippet":"max-snippet:-1","max-image-preview":"max-image-preview:large","max-video-preview":"max-video-preview:-1"},"canonical":"https:\/\/trips-southamerica.com\/webold\/es\/centro-de-ski-portillo\/","og_locale":"es_ES","og_type":"article","og_title":"Portillo - Trips SouthAmerica","og_description":"En el coraz\u00f3n de la cordillera de los Andes, a 2.850 metros sobre el nivel del mar.","og_url":"https:\/\/trips-southamerica.com\/webold\/es\/centro-de-ski-portillo\/","og_site_name":"Trips SouthAmerica","article_publisher":"https:\/\/www.facebook.com\/tripsouthamerica","article_published_time":"2019-02-05T16:04:32+00:00","article_modified_time":"2021-04-14T18:47:57+00:00","og_image":[{"width":412,"height":403,"url":"https:\/\/trips-southamerica.com\/webold\/wp-content\/uploads\/portillo-small.gif","type":"image\/gif"}],"author":"Paola Bravo","twitter_card":"summary_large_image","twitter_creator":"@wpmaster","twitter_site":"@tsouthamerica","twitter_misc":{"Escrito por":"Paola Bravo","Tiempo de lectura":"6 minutos"},"schema":{"@context":"https:\/\/schema.org","@graph":[{"@type":"Article","@id":"https:\/\/trips-southamerica.com\/webold\/es\/centro-de-ski-portillo\/#article","isPartOf":{"@id":"https:\/\/trips-southamerica.com\/webold\/es\/centro-de-ski-portillo\/"},"author":{"name":"Paola Bravo","@id":"https:\/\/trips-southamerica.com\/webold\/#\/schema\/person\/eb0073cf181c1955ddb02f7b278d1184"},"headline":"Portillo","datePublished":"2019-02-05T16:04:32+00:00","dateModified":"2021-04-14T18:47:57+00:00","mainEntityOfPage":{"@id":"https:\/\/trips-southamerica.com\/webold\/es\/centro-de-ski-portillo\/"},"wordCount":1194,"commentCount":0,"publisher":{"@id":"https:\/\/trips-southamerica.com\/webold\/#organization"},"articleSection":["Centro Ski en Chile","Chile","Novedades"],"inLanguage":"es","potentialAction":[{"@type":"CommentAction","name":"Comment","target":["https:\/\/trips-southamerica.com\/webold\/es\/centro-de-ski-portillo\/#respond"]}]},{"@type":"WebPage","@id":"https:\/\/trips-southamerica.com\/webold\/es\/centro-de-ski-portillo\/","url":"https:\/\/trips-southamerica.com\/webold\/es\/centro-de-ski-portillo\/","name":"Portillo - Trips SouthAmerica","isPartOf":{"@id":"https:\/\/trips-southamerica.com\/webold\/#website"},"datePublished":"2019-02-05T16:04:32+00:00","dateModified":"2021-04-14T18:47:57+00:00","breadcrumb":{"@id":"https:\/\/trips-southamerica.com\/webold\/es\/centro-de-ski-portillo\/#breadcrumb"},"inLanguage":"es","potentialAction":[{"@type":"ReadAction","target":["https:\/\/trips-southamerica.com\/webold\/es\/centro-de-ski-portillo\/"]}]},{"@type":"BreadcrumbList","@id":"https:\/\/trips-southamerica.com\/webold\/es\/centro-de-ski-portillo\/#breadcrumb","itemListElement":[{"@type":"ListItem","position":1,"name":"Home","item":"https:\/\/trips-southamerica.com\/webold\/es\/"},{"@type":"ListItem","position":2,"name":"Portillo"}]},{"@type":"WebSite","@id":"https:\/\/trips-southamerica.com\/webold\/#website","url":"https:\/\/trips-southamerica.com\/webold\/","name":"Trips SouthAmerica","description":"South America Travel Operator","publisher":{"@id":"https:\/\/trips-southamerica.com\/webold\/#organization"},"potentialAction":[{"@type":"SearchAction","target":{"@type":"EntryPoint","urlTemplate":"https:\/\/trips-southamerica.com\/webold\/?s={search_term_string}"},"query-input":"required name=search_term_string"}],"inLanguage":"es"},{"@type":"Organization","@id":"https:\/\/trips-southamerica.com\/webold\/#organization","name":"Trips SouthAmerica","url":"https:\/\/trips-southamerica.com\/webold\/","logo":{"@type":"ImageObject","inLanguage":"es","@id":"https:\/\/trips-southamerica.com\/webold\/#\/schema\/logo\/image\/","url":"https:\/\/trips-southamerica.com\/webold\/wp-content\/uploads\/logo-header.png","contentUrl":"https:\/\/trips-southamerica.com\/webold\/wp-content\/uploads\/logo-header.png","width":497,"height":79,"caption":"Trips SouthAmerica"},"image":{"@id":"https:\/\/trips-southamerica.com\/webold\/#\/schema\/logo\/image\/"},"sameAs":["https:\/\/www.linkedin.com\/company\/trips-southamerica\/","http:\/\/trips-southamerica.com\/","https:\/\/www.facebook.com\/tripsouthamerica","https:\/\/twitter.com\/tsouthamerica"]},{"@type":"Person","@id":"https:\/\/trips-southamerica.com\/webold\/#\/schema\/person\/eb0073cf181c1955ddb02f7b278d1184","name":"Paola Bravo","image":{"@type":"ImageObject","inLanguage":"es","@id":"https:\/\/trips-southamerica.com\/webold\/#\/schema\/person\/image\/","url":"https:\/\/secure.gravatar.com\/avatar\/ca3de1c5d39b721a435d56da379e1272?s=96&d=mm&r=g","contentUrl":"https:\/\/secure.gravatar.com\/avatar\/ca3de1c5d39b721a435d56da379e1272?s=96&d=mm&r=g","caption":"Paola Bravo"},"sameAs":["https:\/\/twitter.com\/wpmaster"]}]}},"_links":{"self":[{"href":"https:\/\/trips-southamerica.com\/webold\/es\/wp-json\/wp\/v2\/posts\/8091"}],"collection":[{"href":"https:\/\/trips-southamerica.com\/webold\/es\/wp-json\/wp\/v2\/posts"}],"about":[{"href":"https:\/\/trips-southamerica.com\/webold\/es\/wp-json\/wp\/v2\/types\/post"}],"author":[{"embeddable":true,"href":"https:\/\/trips-southamerica.com\/webold\/es\/wp-json\/wp\/v2\/users\/60"}],"replies":[{"embeddable":true,"href":"https:\/\/trips-southamerica.com\/webold\/es\/wp-json\/wp\/v2\/comments?post=8091"}],"version-history":[{"count":24,"href":"https:\/\/trips-southamerica.com\/webold\/es\/wp-json\/wp\/v2\/posts\/8091\/revisions"}],"predecessor-version":[{"id":8640,"href":"https:\/\/trips-southamerica.com\/webold\/es\/wp-json\/wp\/v2\/posts\/8091\/revisions\/8640"}],"wp:featuredmedia":[{"embeddable":true,"href":"https:\/\/trips-southamerica.com\/webold\/es\/wp-json\/wp\/v2\/media\/8179"}],"wp:attachment":[{"href":"https:\/\/trips-southamerica.com\/webold\/es\/wp-json\/wp\/v2\/media?parent=8091"}],"wp:term":[{"taxonomy":"category","embeddable":true,"href":"https:\/\/trips-southamerica.com\/webold\/es\/wp-json\/wp\/v2\/categories?post=8091"},{"taxonomy":"post_tag","embeddable":true,"href":"https:\/\/trips-southamerica.com\/webold\/es\/wp-json\/wp\/v2\/tags?post=8091"}],"curies":[{"name":"wp","href":"https:\/\/api.w.org\/{rel}","templated":true}]}}